{"id":1036,"date":"2013-02-28T16:06:16","date_gmt":"2013-02-28T16:06:16","guid":{"rendered":"http:\/\/prenezracines.tb6380.com\/?p=1036"},"modified":"2013-04-12T09:59:00","modified_gmt":"2013-04-12T09:59:00","slug":"projection-le-jeudi-28-mars-a-19h30-les-moissons-du-futur-a-la-mjc-laennec-mermoz","status":"publish","type":"post","link":"http:\/\/prenezracines.tb6380.com\/?p=1036","title":{"rendered":"Projection le Jeudi 28 mars \u00e0 19h30 \u00ab\u00a0Les moissons du futur\u00a0\u00bb \u00e0 la MJC La\u00ebnnec-Mermoz !"},"content":{"rendered":"<p style=\"text-align: center;\">Projection le Jeudi 28 mars \u00e0 19h30 \u00ab\u00a0Les moissons du futur\u00a0\u00bb<\/p>\n<p style=\"text-align: center;\">Salle Genton \/ MJC La\u00ebnnec-Mermoz<\/p>\n<p style=\"text-align: center;\">suivie d\u2019un d\u00e9bat anim\u00e9 par R\u00e9s\u2019OGM<\/p>\n<p style=\"text-align: center;\">Projection organis\u00e9e dans le cadre des<br \/>\nRencontres Prenez Racines !<br \/>\nLe vendredi 29 mars<br \/>\naux Mus\u00e9e Gadagne de 9h30 \u00e0 17h30<\/p>\n<p style=\"text-align: center;\"><a href=\"http:\/\/prenezracines.tb6380.com\/?attachment_id=1037\" rel=\"attachment wp-att-1037\"><img loading=\"lazy\" decoding=\"async\" class=\"aligncenter size-large wp-image-1037\" alt=\"Les Moissons Flyer\" src=\"http:\/\/prenezracines.tb6380.com\/wp-content\/uploads\/2013\/02\/Les-Moissons-Flyer-724x1024.jpg\" width=\"640\" height=\"905\" srcset=\"http:\/\/prenezracines.tb6380.com\/wp-content\/uploads\/2013\/02\/Les-Moissons-Flyer-724x1024.jpg 724w, http:\/\/prenezracines.tb6380.com\/wp-content\/uploads\/2013\/02\/Les-Moissons-Flyer-212x300.jpg 212w, http:\/\/prenezracines.tb6380.com\/wp-content\/uploads\/2013\/02\/Les-Moissons-Flyer.jpg 794w\" sizes=\"auto, (max-width: 640px) 100vw, 640px\" \/><\/a><\/p>\n<p style=\"text-align: center;\">Renseignements et r\u00e9servations \u00e0 la MJC<br \/>\n21 rue Genton, Lyon 8<br \/>\n04 37 90 55 90<br \/>\ncommunication@mjclaennecmermoz.fr<br \/>\n<a href=\"http:\/\/www.facebook.com\/l.php?u=http%3A%2F%2Fwww.mjclaennecmermoz.fr&amp;h=4AQGgSMk8&amp;s=1\" target=\"_blank\" rel=\"nofollow nofollow\">www.mjclaennecmermoz.fr<\/a><br \/>\n<a href=\"http:\/\/prenezracines.tb6380.com\/\" target=\"_blank\" rel=\"nofollow nofollow\">http:\/\/<wbr \/>prenezracines.tb6380.com\/<\/a><\/p>\n<p style=\"text-align: center;\">Mus\u00e9es Gadagne<br \/>\n1 Place du Petit Coll\u00e8ge 69005 Lyon<br \/>\n04 78 42 03 61<\/p>\n","protected":false},"excerpt":{"rendered":"<p>Projection le Jeudi 28 mars \u00e0 19h30 \u00ab\u00a0Les moissons du futur\u00a0\u00bb Salle Genton \/ MJC La\u00ebnnec-Mermoz suivie d\u2019un d\u00e9bat anim\u00e9 par R\u00e9s\u2019OGM Projection organis\u00e9e dans le cadre des Rencontres Prenez Racines ! Le vendredi 29 mars aux Mus\u00e9e Gadagne de &hellip; <a href=\"http:\/\/prenezracines.tb6380.com\/?p=1036\">Continuer la lecture <span class=\"meta-nav\">&rarr;<\/span><\/a><\/p>\n","protected":false},"author":2,"featured_media":0,"comment_status":"open","ping_status":"open","sticky":false,"template":"","format":"standard","meta":{"footnotes":""},"categories":[25],"tags":[],"class_list":["post-1036","post","type-post","status-publish","format-standard","hentry","category-rencontres"],"_links":{"self":[{"href":"http:\/\/prenezracines.tb6380.com\/index.php?rest_route=\/wp\/v2\/posts\/1036","targetHints":{"allow":["GET"]}}],"collection":[{"href":"http:\/\/prenezracines.tb6380.com\/index.php?rest_route=\/wp\/v2\/posts"}],"about":[{"href":"http:\/\/prenezracines.tb6380.com\/index.php?rest_route=\/wp\/v2\/types\/post"}],"author":[{"embeddable":true,"href":"http:\/\/prenezracines.tb6380.com\/index.php?rest_route=\/wp\/v2\/users\/2"}],"replies":[{"embeddable":true,"href":"http:\/\/prenezracines.tb6380.com\/index.php?rest_route=%2Fwp%2Fv2%2Fcomments&post=1036"}],"version-history":[{"count":3,"href":"http:\/\/prenezracines.tb6380.com\/index.php?rest_route=\/wp\/v2\/posts\/1036\/revisions"}],"predecessor-version":[{"id":1089,"href":"http:\/\/prenezracines.tb6380.com\/index.php?rest_route=\/wp\/v2\/posts\/1036\/revisions\/1089"}],"wp:attachment":[{"href":"http:\/\/prenezracines.tb6380.com\/index.php?rest_route=%2Fwp%2Fv2%2Fmedia&parent=1036"}],"wp:term":[{"taxonomy":"category","embeddable":true,"href":"http:\/\/prenezracines.tb6380.com\/index.php?rest_route=%2Fwp%2Fv2%2Fcategories&post=1036"},{"taxonomy":"post_tag","embeddable":true,"href":"http:\/\/prenezracines.tb6380.com\/index.php?rest_route=%2Fwp%2Fv2%2Ftags&post=1036"}],"curies":[{"name":"wp","href":"https:\/\/api.w.org\/{rel}","templated":true}]}}