{"id":137,"date":"2010-02-04T10:47:00","date_gmt":"2010-02-04T10:47:00","guid":{"rendered":"http:\/\/prenezracines.tb6380.com\/?p=137"},"modified":"2011-03-08T12:54:15","modified_gmt":"2011-03-08T12:54:15","slug":"reunion-de-preparation-du-composteur-collectif","status":"publish","type":"post","link":"http:\/\/prenezracines.tb6380.com\/?p=137","title":{"rendered":"R\u00e9union de pr\u00e9paration du composteur collectif"},"content":{"rendered":"<h3>Lundi <span style=\"color: #3366ff;\">7 <\/span>mars \u00e0 partir de <span style=\"color: #3366ff;\">17h30<\/span> \u00e0 la MJC La\u00ebnnec-Mermoz<\/h3>\n<p style=\"text-align: justify;\">Nous allons le samedi 26 mars inaugurer notre c<span style=\"color: #3366ff;\">omposteur\u00a0 collectif.<\/span> Toutes nos \u00e9pluchures et autres produits naturels\u00a0 biod\u00e9gradables pourront alors nourrir la terre de notre p\u00e9pini\u00e8re et de notre potager. Mais pour que les choses nous ressemblent, nous devons choisir quel type de composteur sera le mieux appropri\u00e9 \u00e0 nos usages. C\u2019est pour d\u00e9terminer quel composteur nous construirons que nous vous invitons \u00e0 rencontrer l\u2019association <span style=\"color: #3366ff;\">LES COMPOSTIERS<\/span> le lundi 7 mars \u00e0 17h30 \u00e0 la MJC.<\/p>\n<p style=\"text-align: justify;\">A l\u2019occasion de cette rencontre, nous avons aussi invit\u00e9 l\u2019association <span style=\"color: #3366ff;\">CLARTE <\/span>qui g\u00e8re les jardins collectifs de Mermoz Sud et qui nous parlera de son exp\u00e9rience de composteur.<br \/>\n<span style=\"color: #3366ff;\">Votre pr\u00e9sence est INDISPENSABLE pour la r\u00e9ussite de notre composteur collectif !<\/span><\/p>\n<p style=\"text-align: justify;\"><span style=\"color: #3366ff;\"><a href=\"http:\/\/prenezracines.tb6380.com\/wp-content\/uploads\/2011\/02\/pdt_bat_g_sud_1.jpg\"><img loading=\"lazy\" decoding=\"async\" class=\"aligncenter size-full wp-image-170\" title=\"pdt_bat_g_sud_1\" src=\"http:\/\/prenezracines.tb6380.com\/wp-content\/uploads\/2011\/02\/pdt_bat_g_sud_1.jpg\" alt=\"\" width=\"800\" height=\"255\" srcset=\"http:\/\/prenezracines.tb6380.com\/wp-content\/uploads\/2011\/02\/pdt_bat_g_sud_1.jpg 800w, http:\/\/prenezracines.tb6380.com\/wp-content\/uploads\/2011\/02\/pdt_bat_g_sud_1-300x95.jpg 300w\" sizes=\"auto, (max-width: 800px) 100vw, 800px\" \/><\/a><br \/>\n<\/span><\/p>\n","protected":false},"excerpt":{"rendered":"<p>Lundi 7 mars \u00e0 partir de 17h30 \u00e0 la MJC La\u00ebnnec-Mermoz Nous allons le samedi 26 mars inaugurer notre composteur\u00a0 collectif. Toutes nos \u00e9pluchures et autres produits naturels\u00a0 biod\u00e9gradables pourront alors nourrir la terre de notre p\u00e9pini\u00e8re et de notre &hellip; <a href=\"http:\/\/prenezracines.tb6380.com\/?p=137\">Continuer la lecture <span class=\"meta-nav\">&rarr;<\/span><\/a><\/p>\n","protected":false},"author":1,"featured_media":0,"comment_status":"open","ping_status":"open","sticky":false,"template":"","format":"standard","meta":{"footnotes":""},"categories":[9,1],"tags":[],"class_list":["post-137","post","type-post","status-publish","format-standard","hentry","category-internet","category-non-classe"],"_links":{"self":[{"href":"http:\/\/prenezracines.tb6380.com\/index.php?rest_route=\/wp\/v2\/posts\/137","targetHints":{"allow":["GET"]}}],"collection":[{"href":"http:\/\/prenezracines.tb6380.com\/index.php?rest_route=\/wp\/v2\/posts"}],"about":[{"href":"http:\/\/prenezracines.tb6380.com\/index.php?rest_route=\/wp\/v2\/types\/post"}],"author":[{"embeddable":true,"href":"http:\/\/prenezracines.tb6380.com\/index.php?rest_route=\/wp\/v2\/users\/1"}],"replies":[{"embeddable":true,"href":"http:\/\/prenezracines.tb6380.com\/index.php?rest_route=%2Fwp%2Fv2%2Fcomments&post=137"}],"version-history":[{"count":7,"href":"http:\/\/prenezracines.tb6380.com\/index.php?rest_route=\/wp\/v2\/posts\/137\/revisions"}],"predecessor-version":[{"id":140,"href":"http:\/\/prenezracines.tb6380.com\/index.php?rest_route=\/wp\/v2\/posts\/137\/revisions\/140"}],"wp:attachment":[{"href":"http:\/\/prenezracines.tb6380.com\/index.php?rest_route=%2Fwp%2Fv2%2Fmedia&parent=137"}],"wp:term":[{"taxonomy":"category","embeddable":true,"href":"http:\/\/prenezracines.tb6380.com\/index.php?rest_route=%2Fwp%2Fv2%2Fcategories&post=137"},{"taxonomy":"post_tag","embeddable":true,"href":"http:\/\/prenezracines.tb6380.com\/index.php?rest_route=%2Fwp%2Fv2%2Ftags&post=137"}],"curies":[{"name":"wp","href":"https:\/\/api.w.org\/{rel}","templated":true}]}}