{"id":243,"date":"2011-04-10T15:19:34","date_gmt":"2011-04-10T15:19:34","guid":{"rendered":"http:\/\/prenezracines.tb6380.com\/?p=243"},"modified":"2011-05-09T15:44:18","modified_gmt":"2011-05-09T15:44:18","slug":"pot-de-fin-de-chantier-jeune","status":"publish","type":"post","link":"http:\/\/prenezracines.tb6380.com\/?p=243","title":{"rendered":"Pot de fin de chantier jeune"},"content":{"rendered":"<p style=\"text-align: justify;\">Un second chantier jeune d\u00e9marre sur la P\u00e9pini\u00e8re Urbaine, du <strong>lundi 2 au vendredi 6 mai<\/strong>.<br \/>\nIl s&rsquo;agit cette fois-ci de nettoyer la parcelle, d&rsquo;am\u00e9nager la bordure de la p\u00e9pini\u00e8re et de travailler la terre pour accueillir les futurs potagers.<br \/>\nA la sueur de leur front, les jeunes filles et gar\u00e7ons de l&rsquo;Espace Jeunes vont\u00a0 am\u00e9nager un espace plus convivial !<\/p>\n<p style=\"text-align: center;\">Venez f\u00e9liciter les jeunes pour le travail effectu\u00e9<br \/>\n<span style=\"color: #575757;\"><span style=\"font-size: 16pt;\"><strong>lors d&rsquo;un pot de fin de chantier<\/strong><\/span><\/span><\/p>\n<p style=\"text-align: center;\"><a href=\"http:\/\/prenezracines.tb6380.com\/wp-content\/uploads\/2011\/04\/400_F_16574799_gDHkXRYWHiaVTiFUgWRA6CY6Y6vIiguE.jpg\"><img loading=\"lazy\" decoding=\"async\" class=\"aligncenter size-full wp-image-283\" title=\"400_F_16574799_gDHkXRYWHiaVTiFUgWRA6CY6Y6vIiguE\" src=\"http:\/\/prenezracines.tb6380.com\/wp-content\/uploads\/2011\/04\/400_F_16574799_gDHkXRYWHiaVTiFUgWRA6CY6Y6vIiguE.jpg\" alt=\"\" width=\"400\" height=\"324\" srcset=\"http:\/\/prenezracines.tb6380.com\/wp-content\/uploads\/2011\/04\/400_F_16574799_gDHkXRYWHiaVTiFUgWRA6CY6Y6vIiguE.jpg 400w, http:\/\/prenezracines.tb6380.com\/wp-content\/uploads\/2011\/04\/400_F_16574799_gDHkXRYWHiaVTiFUgWRA6CY6Y6vIiguE-300x243.jpg 300w\" sizes=\"auto, (max-width: 400px) 100vw, 400px\" \/><\/a><strong><span style=\"color: #575757; font-size: 16pt;\">le vendredi 6 mai \u00e0 12h<\/span><\/strong><br \/>\nsur le chantier ouvert<br \/>\nen face du 60 rue Ranvier, Lyon 8\u00e8me<\/p>\n","protected":false},"excerpt":{"rendered":"<p>Un second chantier jeune d\u00e9marre sur la P\u00e9pini\u00e8re Urbaine, du lundi 2 au vendredi 6 mai. Il s&rsquo;agit cette fois-ci de nettoyer la parcelle, d&rsquo;am\u00e9nager la bordure de la p\u00e9pini\u00e8re et de travailler la terre pour accueillir les futurs potagers. &hellip; <a href=\"http:\/\/prenezracines.tb6380.com\/?p=243\">Continuer la lecture <span class=\"meta-nav\">&rarr;<\/span><\/a><\/p>\n","protected":false},"author":1,"featured_media":0,"comment_status":"open","ping_status":"open","sticky":false,"template":"","format":"standard","meta":{"footnotes":""},"categories":[9],"tags":[],"class_list":["post-243","post","type-post","status-publish","format-standard","hentry","category-internet"],"_links":{"self":[{"href":"http:\/\/prenezracines.tb6380.com\/index.php?rest_route=\/wp\/v2\/posts\/243","targetHints":{"allow":["GET"]}}],"collection":[{"href":"http:\/\/prenezracines.tb6380.com\/index.php?rest_route=\/wp\/v2\/posts"}],"about":[{"href":"http:\/\/prenezracines.tb6380.com\/index.php?rest_route=\/wp\/v2\/types\/post"}],"author":[{"embeddable":true,"href":"http:\/\/prenezracines.tb6380.com\/index.php?rest_route=\/wp\/v2\/users\/1"}],"replies":[{"embeddable":true,"href":"http:\/\/prenezracines.tb6380.com\/index.php?rest_route=%2Fwp%2Fv2%2Fcomments&post=243"}],"version-history":[{"count":11,"href":"http:\/\/prenezracines.tb6380.com\/index.php?rest_route=\/wp\/v2\/posts\/243\/revisions"}],"predecessor-version":[{"id":310,"href":"http:\/\/prenezracines.tb6380.com\/index.php?rest_route=\/wp\/v2\/posts\/243\/revisions\/310"}],"wp:attachment":[{"href":"http:\/\/prenezracines.tb6380.com\/index.php?rest_route=%2Fwp%2Fv2%2Fmedia&parent=243"}],"wp:term":[{"taxonomy":"category","embeddable":true,"href":"http:\/\/prenezracines.tb6380.com\/index.php?rest_route=%2Fwp%2Fv2%2Fcategories&post=243"},{"taxonomy":"post_tag","embeddable":true,"href":"http:\/\/prenezracines.tb6380.com\/index.php?rest_route=%2Fwp%2Fv2%2Ftags&post=243"}],"curies":[{"name":"wp","href":"https:\/\/api.w.org\/{rel}","templated":true}]}}