{"id":271,"date":"2011-04-07T09:53:26","date_gmt":"2011-04-07T09:53:26","guid":{"rendered":"http:\/\/prenezracines.tb6380.com\/?p=271"},"modified":"2011-04-07T09:55:38","modified_gmt":"2011-04-07T09:55:38","slug":"premiere-rencontre-passe-jardins","status":"publish","type":"post","link":"http:\/\/prenezracines.tb6380.com\/?p=271","title":{"rendered":"Premi\u00e8re rencontre &#8211; Passe-jardins"},"content":{"rendered":"<p>La Parcelle est am\u00e9nag\u00e9e, la terre est arriv\u00e9e et les   parrains-marraines ont d\u00e9j\u00e0  commenc\u00e9 \u00e0 planter ! Radis, framboises,   oignons seront bient\u00f4t \u00e0  r\u00e9colter. D\u00e9j\u00e0 plus d\u2019une trentaine de   parrains-marraines, <strong>la p\u00e9pini\u00e8re urbaine est <\/strong><strong>un espace collectif qu\u2019il faut apprendre \u00e0 partager.<\/strong><br \/>\nLa MJC a fait appel \u00e0 l\u2019association Passe-Jardins pour concevoir ensemble les conditions d\u2019usages de la parcelle.<\/p>\n<p style=\"text-align: left;\"><em>\u201cA-t-on droit aux chiens ? J\u2019ai arros\u00e9 hier et mon voi<\/em><a rel=\"lightbox[1604]\" href=\"http:\/\/mjclaennecmermoz.fr\/wp-content\/uploads\/2011\/03\/logo-passe-jardins.jpg\"><img loading=\"lazy\" decoding=\"async\" class=\"alignright\" title=\"logo-passe-jardins\" src=\"http:\/\/mjclaennecmermoz.fr\/wp-content\/uploads\/2011\/03\/logo-passe-jardins.jpg\" alt=\"logo-passe-jardins\" width=\"173\" height=\"96\" \/><\/a><em>sin<\/em><em> <\/em><em>a <\/em><em>re-arros\u00e9 aujourd\u2019hui ! Qui va m\u00e9langer le compost ? Ma voisine <\/em><em>a voulu faire un barbecue sur la p\u00e9pini\u00e8re sans nous avertir. <\/em><em>On pourrait faire une cabane pour jouer aux Robinsons !\u201d<\/em><\/p>\n<p>Autant de questions qu\u2019il va falloir r\u00e9gler, ensemble pour que ce terrain VOUS ressemble !<\/p>\n<p>Rendez-vous le<\/p>\n<h2 style=\"text-align: center;\"><strong>Lundi 11 avril \u00e0 partir de 16h30 \u00e0 la MJC La\u00ebnnec-Mermoz<br \/>\n<\/strong><\/h2>\n<p style=\"text-align: center;\">pour recueillir vos envies pour ce nouvel espace collectif !<\/p>\n","protected":false},"excerpt":{"rendered":"<p>La Parcelle est am\u00e9nag\u00e9e, la terre est arriv\u00e9e et les parrains-marraines ont d\u00e9j\u00e0 commenc\u00e9 \u00e0 planter ! Radis, framboises, oignons seront bient\u00f4t \u00e0 r\u00e9colter. D\u00e9j\u00e0 plus d\u2019une trentaine de parrains-marraines, la p\u00e9pini\u00e8re urbaine est un espace collectif qu\u2019il faut apprendre &hellip; <a href=\"http:\/\/prenezracines.tb6380.com\/?p=271\">Continuer la lecture <span class=\"meta-nav\">&rarr;<\/span><\/a><\/p>\n","protected":false},"author":1,"featured_media":0,"comment_status":"open","ping_status":"open","sticky":false,"template":"","format":"standard","meta":{"footnotes":""},"categories":[9,1],"tags":[],"class_list":["post-271","post","type-post","status-publish","format-standard","hentry","category-internet","category-non-classe"],"_links":{"self":[{"href":"http:\/\/prenezracines.tb6380.com\/index.php?rest_route=\/wp\/v2\/posts\/271","targetHints":{"allow":["GET"]}}],"collection":[{"href":"http:\/\/prenezracines.tb6380.com\/index.php?rest_route=\/wp\/v2\/posts"}],"about":[{"href":"http:\/\/prenezracines.tb6380.com\/index.php?rest_route=\/wp\/v2\/types\/post"}],"author":[{"embeddable":true,"href":"http:\/\/prenezracines.tb6380.com\/index.php?rest_route=\/wp\/v2\/users\/1"}],"replies":[{"embeddable":true,"href":"http:\/\/prenezracines.tb6380.com\/index.php?rest_route=%2Fwp%2Fv2%2Fcomments&post=271"}],"version-history":[{"count":4,"href":"http:\/\/prenezracines.tb6380.com\/index.php?rest_route=\/wp\/v2\/posts\/271\/revisions"}],"predecessor-version":[{"id":275,"href":"http:\/\/prenezracines.tb6380.com\/index.php?rest_route=\/wp\/v2\/posts\/271\/revisions\/275"}],"wp:attachment":[{"href":"http:\/\/prenezracines.tb6380.com\/index.php?rest_route=%2Fwp%2Fv2%2Fmedia&parent=271"}],"wp:term":[{"taxonomy":"category","embeddable":true,"href":"http:\/\/prenezracines.tb6380.com\/index.php?rest_route=%2Fwp%2Fv2%2Fcategories&post=271"},{"taxonomy":"post_tag","embeddable":true,"href":"http:\/\/prenezracines.tb6380.com\/index.php?rest_route=%2Fwp%2Fv2%2Ftags&post=271"}],"curies":[{"name":"wp","href":"https:\/\/api.w.org\/{rel}","templated":true}]}}