{"id":312,"date":"2011-05-09T15:53:53","date_gmt":"2011-05-09T15:53:53","guid":{"rendered":"http:\/\/prenezracines.tb6380.com\/?p=312"},"modified":"2011-05-09T15:56:53","modified_gmt":"2011-05-09T15:56:53","slug":"rendez-vous-a-la-pepiniere","status":"publish","type":"post","link":"http:\/\/prenezracines.tb6380.com\/?p=312","title":{"rendered":"Rendez-vous \u00e0 la P\u00e9pini\u00e8re !"},"content":{"rendered":"<p style=\"text-align: center;\"><strong><span style=\"color: #008000; font-size: 16pt;\"><a href=\"http:\/\/prenezracines.tb6380.com\/wp-content\/uploads\/2011\/05\/Label-L8EE-haute-r\u00e9solution.png\"><img loading=\"lazy\" decoding=\"async\" class=\"size-full wp-image-313 aligncenter\" title=\"Label L8EE - haute r\u00e9solution\" src=\"http:\/\/prenezracines.tb6380.com\/wp-content\/uploads\/2011\/05\/Label-L8EE-haute-r\u00e9solution.png\" alt=\"\" width=\"331\" height=\"138\" \/><\/a>Mercredi 18 mai | 14h30&gt;18h<br \/>\n<span style=\"color: #99cc00; font-size: 13pt;\">en face du 60 rue Prof. Ranvier<\/span><\/span><\/strong><\/p>\n<p>Quinze jours pour parler de votre environnement, r\u00e9pondre \u00e0 vos questions et vous sensibiliser. \u00ab Le 8\u00e8me s\u2019engage pour son environnement \u00bb propose une sensibilisation sur le tri et le recyclage, des visites de jardins partag\u00e9s, des questions sur les encombrants, la citoyennet\u00e9 et aussi l\u2019\u00e9conomie d\u2019\u00e9nergie.<\/p>\n<p style=\"text-align: justify;\">Des sujets aussi vastes que cruciaux et qui nous concernent tous.<\/p>\n<p style=\"text-align: justify;\">A cette occasion, la MJC La\u00ebnnec-Mermoz ouvre grand les portes de la P\u00e9pini\u00e8re Urbaine du projet Prenez Racines ! mise en place avec l\u2019artiste Thierry Boutonnier. Venez d\u00e9couvrir, seul ou en famille, un espace collectif d\u00e9di\u00e9 au  v\u00e9g\u00e9tal et \u00e0 la nature au milieu du chantier de la cit\u00e9 Jean Mermoz.  Initiation au compostage et au tri s\u00e9lectif, jardinage avec les parrains et marraines des futurs arbres du quartier, coin lecture\u2026<\/p>\n","protected":false},"excerpt":{"rendered":"<p>Mercredi 18 mai | 14h30&gt;18h en face du 60 rue Prof. Ranvier Quinze jours pour parler de votre environnement, r\u00e9pondre \u00e0 vos questions et vous sensibiliser. \u00ab Le 8\u00e8me s\u2019engage pour son environnement \u00bb propose une sensibilisation sur le tri &hellip; <a href=\"http:\/\/prenezracines.tb6380.com\/?p=312\">Continuer la lecture <span class=\"meta-nav\">&rarr;<\/span><\/a><\/p>\n","protected":false},"author":2,"featured_media":0,"comment_status":"open","ping_status":"open","sticky":false,"template":"","format":"standard","meta":{"footnotes":""},"categories":[9,1],"tags":[],"class_list":["post-312","post","type-post","status-publish","format-standard","hentry","category-internet","category-non-classe"],"_links":{"self":[{"href":"http:\/\/prenezracines.tb6380.com\/index.php?rest_route=\/wp\/v2\/posts\/312","targetHints":{"allow":["GET"]}}],"collection":[{"href":"http:\/\/prenezracines.tb6380.com\/index.php?rest_route=\/wp\/v2\/posts"}],"about":[{"href":"http:\/\/prenezracines.tb6380.com\/index.php?rest_route=\/wp\/v2\/types\/post"}],"author":[{"embeddable":true,"href":"http:\/\/prenezracines.tb6380.com\/index.php?rest_route=\/wp\/v2\/users\/2"}],"replies":[{"embeddable":true,"href":"http:\/\/prenezracines.tb6380.com\/index.php?rest_route=%2Fwp%2Fv2%2Fcomments&post=312"}],"version-history":[{"count":3,"href":"http:\/\/prenezracines.tb6380.com\/index.php?rest_route=\/wp\/v2\/posts\/312\/revisions"}],"predecessor-version":[{"id":315,"href":"http:\/\/prenezracines.tb6380.com\/index.php?rest_route=\/wp\/v2\/posts\/312\/revisions\/315"}],"wp:attachment":[{"href":"http:\/\/prenezracines.tb6380.com\/index.php?rest_route=%2Fwp%2Fv2%2Fmedia&parent=312"}],"wp:term":[{"taxonomy":"category","embeddable":true,"href":"http:\/\/prenezracines.tb6380.com\/index.php?rest_route=%2Fwp%2Fv2%2Fcategories&post=312"},{"taxonomy":"post_tag","embeddable":true,"href":"http:\/\/prenezracines.tb6380.com\/index.php?rest_route=%2Fwp%2Fv2%2Ftags&post=312"}],"curies":[{"name":"wp","href":"https:\/\/api.w.org\/{rel}","templated":true}]}}