{"id":512,"date":"2011-09-13T12:52:00","date_gmt":"2011-09-13T12:52:00","guid":{"rendered":"http:\/\/prenezracines.tb6380.com\/?p=512"},"modified":"2011-09-20T12:28:31","modified_gmt":"2011-09-20T12:28:31","slug":"inauguration-de-la-nouvelle-entree-est-de-lagglomeration","status":"publish","type":"post","link":"http:\/\/prenezracines.tb6380.com\/?p=512","title":{"rendered":"Inauguration de la nouvelle Entr\u00e9e Est de l&rsquo;agglom\u00e9ration"},"content":{"rendered":"<p><span style=\"color: #000000;\">Les travaux de l&rsquo;avenue Jean Mermoz sont termin\u00e9s, l&rsquo;occasion pour Messieurs le Maire de Lyon et le Maire du 8\u00e8me arrondissement de venir inaugurer la nouvelle Entr\u00e9e Est de l&rsquo;agglom\u00e9ration.<br \/>\nA cette occasion, Prenez Racines ! est invit\u00e9 \u00e0 planter un arbre sur l&rsquo;avenue en compagnie des \u00e9coles du 8\u00e8me et de vous, chers parrains et marraines.<br \/>\nL&rsquo;opportunit\u00e9 de nous essayer \u00e0 la plantation d&rsquo;un arbre avant les plantations dans la p\u00e9pini\u00e8re qui approche \u00e0 tr\u00e8s grand pas. Et oui, c&rsquo;est bient\u00f4t la Sainte Catherine !<\/span><\/p>\n<p style=\"text-align: center;\"><span style=\"color: #000000;\">Nous vous attendons donc nombreux <\/span><\/p>\n<p style=\"text-align: center;\"><strong><span style=\"color: #000000;\">ce jeudi 15 septembre \u00e0 16h30<\/span><\/strong><\/p>\n<p style=\"text-align: center;\"><span style=\"color: #000000;\">sur le parking des Galeries Lafayette (209\/221       boulevard Pinel 69500 Bron)<\/span><\/p>\n<p style=\"text-align: center;\">\n<p style=\"text-align: left;\"><span style=\"color: #000000;\"><a style=\"color: #000000;\" href=\"http:\/\/prenezracines.tb6380.com\/wp-content\/uploads\/2011\/09\/inauguration_1.jpg\"><img loading=\"lazy\" decoding=\"async\" class=\"alignnone size-thumbnail wp-image-516\" title=\"inauguration_1\" src=\"http:\/\/prenezracines.tb6380.com\/wp-content\/uploads\/2011\/09\/inauguration_1-150x150.jpg\" alt=\"\" width=\"150\" height=\"150\" \/><\/a><a href=\"http:\/\/prenezracines.tb6380.com\/wp-content\/uploads\/2011\/09\/inauguration_2.jpg\"><img loading=\"lazy\" decoding=\"async\" class=\"alignnone size-thumbnail wp-image-517\" title=\"inauguration_2\" src=\"http:\/\/prenezracines.tb6380.com\/wp-content\/uploads\/2011\/09\/inauguration_2-150x150.jpg\" alt=\"\" width=\"150\" height=\"150\" \/><\/a><\/span><\/p>\n","protected":false},"excerpt":{"rendered":"<p>Les travaux de l&rsquo;avenue Jean Mermoz sont termin\u00e9s, l&rsquo;occasion pour Messieurs le Maire de Lyon et le Maire du 8\u00e8me arrondissement de venir inaugurer la nouvelle Entr\u00e9e Est de l&rsquo;agglom\u00e9ration. A cette occasion, Prenez Racines ! est invit\u00e9 \u00e0 planter &hellip; <a href=\"http:\/\/prenezracines.tb6380.com\/?p=512\">Continuer la lecture <span class=\"meta-nav\">&rarr;<\/span><\/a><\/p>\n","protected":false},"author":2,"featured_media":0,"comment_status":"open","ping_status":"open","sticky":false,"template":"","format":"standard","meta":{"footnotes":""},"categories":[9,1],"tags":[],"class_list":["post-512","post","type-post","status-publish","format-standard","hentry","category-internet","category-non-classe"],"_links":{"self":[{"href":"http:\/\/prenezracines.tb6380.com\/index.php?rest_route=\/wp\/v2\/posts\/512","targetHints":{"allow":["GET"]}}],"collection":[{"href":"http:\/\/prenezracines.tb6380.com\/index.php?rest_route=\/wp\/v2\/posts"}],"about":[{"href":"http:\/\/prenezracines.tb6380.com\/index.php?rest_route=\/wp\/v2\/types\/post"}],"author":[{"embeddable":true,"href":"http:\/\/prenezracines.tb6380.com\/index.php?rest_route=\/wp\/v2\/users\/2"}],"replies":[{"embeddable":true,"href":"http:\/\/prenezracines.tb6380.com\/index.php?rest_route=%2Fwp%2Fv2%2Fcomments&post=512"}],"version-history":[{"count":3,"href":"http:\/\/prenezracines.tb6380.com\/index.php?rest_route=\/wp\/v2\/posts\/512\/revisions"}],"predecessor-version":[{"id":518,"href":"http:\/\/prenezracines.tb6380.com\/index.php?rest_route=\/wp\/v2\/posts\/512\/revisions\/518"}],"wp:attachment":[{"href":"http:\/\/prenezracines.tb6380.com\/index.php?rest_route=%2Fwp%2Fv2%2Fmedia&parent=512"}],"wp:term":[{"taxonomy":"category","embeddable":true,"href":"http:\/\/prenezracines.tb6380.com\/index.php?rest_route=%2Fwp%2Fv2%2Fcategories&post=512"},{"taxonomy":"post_tag","embeddable":true,"href":"http:\/\/prenezracines.tb6380.com\/index.php?rest_route=%2Fwp%2Fv2%2Ftags&post=512"}],"curies":[{"name":"wp","href":"https:\/\/api.w.org\/{rel}","templated":true}]}}