{"id":708,"date":"2012-01-26T08:26:54","date_gmt":"2012-01-26T08:26:54","guid":{"rendered":"http:\/\/prenezracines.tb6380.com\/?p=708"},"modified":"2012-01-26T08:38:20","modified_gmt":"2012-01-26T08:38:20","slug":"les-vergers-ont-chaud","status":"publish","type":"post","link":"http:\/\/prenezracines.tb6380.com\/?p=708","title":{"rendered":"Les vergers ont chaud"},"content":{"rendered":"<p>Cet article parut dans le <a title=\"verger le monde\" href=\"http:\/\/www.lemonde.fr\/economie\/article\/2012\/01\/25\/la-noix-a-la-conquete-des-vergers-francais_1634466_3234.html\" target=\"_blank\">monde du 25 janvier 2012<\/a> d\u00e9crypte un rapport sur les <a title=\"rapport vergers 2010\" href=\"http:\/\/www.agreste.agriculture.gouv.fr\/IMG\/pdf_primeur277.pdf\" target=\"_blank\">exploitations arboricoles et les vergers en France<\/a>.<\/p>\n<p>Il est int\u00e9ressant de noter que le r\u00e9chauffement climatique influe sur la floraison et la fructification des arbres. Ce fait bouleverse les cueillettes.<\/p>\n<p>Alors que 2011 fut l&rsquo;ann\u00e9e la plus chaude depuis que nous prenons des mesures s\u00e9rieuses, Janvier 2012 est tr\u00e8s doux. Les vieux singes qui annon\u00e7aient un hiver rigoureux, ne grimacent plus.<\/p>\n<p>Si il g\u00e8le, nous soufflerons sur les fleurs.<\/p>\n","protected":false},"excerpt":{"rendered":"<p>Cet article parut dans le monde du 25 janvier 2012 d\u00e9crypte un rapport sur les exploitations arboricoles et les vergers en France. Il est int\u00e9ressant de noter que le r\u00e9chauffement climatique influe sur la floraison et la fructification des arbres. &hellip; <a href=\"http:\/\/prenezracines.tb6380.com\/?p=708\">Continuer la lecture <span class=\"meta-nav\">&rarr;<\/span><\/a><\/p>\n","protected":false},"author":1,"featured_media":0,"comment_status":"open","ping_status":"open","sticky":false,"template":"","format":"standard","meta":{"footnotes":""},"categories":[1],"tags":[],"class_list":["post-708","post","type-post","status-publish","format-standard","hentry","category-non-classe"],"_links":{"self":[{"href":"http:\/\/prenezracines.tb6380.com\/index.php?rest_route=\/wp\/v2\/posts\/708","targetHints":{"allow":["GET"]}}],"collection":[{"href":"http:\/\/prenezracines.tb6380.com\/index.php?rest_route=\/wp\/v2\/posts"}],"about":[{"href":"http:\/\/prenezracines.tb6380.com\/index.php?rest_route=\/wp\/v2\/types\/post"}],"author":[{"embeddable":true,"href":"http:\/\/prenezracines.tb6380.com\/index.php?rest_route=\/wp\/v2\/users\/1"}],"replies":[{"embeddable":true,"href":"http:\/\/prenezracines.tb6380.com\/index.php?rest_route=%2Fwp%2Fv2%2Fcomments&post=708"}],"version-history":[{"count":3,"href":"http:\/\/prenezracines.tb6380.com\/index.php?rest_route=\/wp\/v2\/posts\/708\/revisions"}],"predecessor-version":[{"id":710,"href":"http:\/\/prenezracines.tb6380.com\/index.php?rest_route=\/wp\/v2\/posts\/708\/revisions\/710"}],"wp:attachment":[{"href":"http:\/\/prenezracines.tb6380.com\/index.php?rest_route=%2Fwp%2Fv2%2Fmedia&parent=708"}],"wp:term":[{"taxonomy":"category","embeddable":true,"href":"http:\/\/prenezracines.tb6380.com\/index.php?rest_route=%2Fwp%2Fv2%2Fcategories&post=708"},{"taxonomy":"post_tag","embeddable":true,"href":"http:\/\/prenezracines.tb6380.com\/index.php?rest_route=%2Fwp%2Fv2%2Ftags&post=708"}],"curies":[{"name":"wp","href":"https:\/\/api.w.org\/{rel}","templated":true}]}}