{"id":743,"date":"2012-03-23T12:36:26","date_gmt":"2012-03-23T12:36:26","guid":{"rendered":"http:\/\/prenezracines.tb6380.com\/?p=743"},"modified":"2012-03-23T12:37:02","modified_gmt":"2012-03-23T12:37:02","slug":"date-a-venir","status":"publish","type":"post","link":"http:\/\/prenezracines.tb6380.com\/?p=743","title":{"rendered":"Dates \u00e0 venir !"},"content":{"rendered":"<p><strong>Samedi           24 mars \u00e0 14h<\/strong><strong> : <\/strong>Rencontre et discussion avec un         paysagiste autour de la question des jardins en ville<br \/>\n<strong>Chaufferie           Mermoz Sud 1 rue Joseph Chalier<\/strong><br \/>\n<em>Organis\u00e9 par l\u2019agence SAGA           avec les jardiniers et jardini\u00e8res de Mermoz sud<\/em> \/         G\u00e9raldine pr\u00e9sente pour Prenez Racines\u00a0!<\/p>\n<p><span style=\"color: #ff0000;\"><strong>Vendredi 6 avril \u00e0 partir de 18h (jusqu\u2019\u00e0 20h)<\/strong><strong> : <\/strong>R\u00e9union parrains-marraines avec           \u00e0 l\u2019ordre du jour\u00a0: accessibilit\u00e9 du site de la p\u00e9pini\u00e8re,           confection du \u00ab\u00a0livret d\u2019adoption\u00a0\u00bb\u00a0: mise en place de           l\u2019arrosage, entretien divers, suggestions d\u2019am\u00e9lioration et           d\u00e9veloppement, TANABATA avec Ma\u00efa, pr\u00e9paration 21 avril&#8230;<br \/>\n<strong>Sur la             p\u00e9pini\u00e8re (sauf en cas de pluie ou de froid, repli \u00e0 la MJC) <\/strong><\/span><span style=\"color: #ff0000;\"><br \/>\nOrganis\u00e9 par la MJC \/           G\u00e9raldine, Lucile et Ma\u00efa pr\u00e9sentes<\/span><\/p>\n<p><strong> Jeudi 19 avril matin (entre 8h et 12h)\u00a0: <\/strong>Venez encourager les jeunes qui         participent au chantier Prenez Racines\u00a0! autour de l\u2019am\u00e9nagement         du site\u00a0: vous pouvez venir les aider dans leur t\u00e2che, leur         faire des g\u00e2teaux en soutien ou simplement leur faire une petite         visite de courtoisie\u00a0: vous \u00eates les bienvenus pour \u00e9changer         avec eux sur leur travail dans la p\u00e9pini\u00e8re<br \/>\n<strong>Sur la           p\u00e9pini\u00e8re <\/strong><br \/>\n<strong> <\/strong>Organis\u00e9 par la MJC \/ G\u00e9raldine et         Thierry pr\u00e9sents<\/p>\n<p><span style=\"color: #ff0000;\"><strong>Samedi 21             avril\u00a0de 12h \u00e0 17h\u00a0: \u00ab\u00a0ON SM\u00a0\u00bb<br \/>\nF\u00eate de printemps de Prenez Racines\u00a0! \/ sur la             p\u00e9pini\u00e8re<\/strong><\/span><\/p>\n<p><span style=\"color: #ff0000;\"><strong>Midi<\/strong> : repas           partag\u00e9 pour les parrains-marraines. <strong>Apportez le sal\u00e9<\/strong> (quiche, cake, pizzas, salades, biscuits sal\u00e9s,\u2026), <strong>la MJC apporte le             dessert et les boissons<\/strong><\/span><\/p>\n<p><span style=\"color: #ff0000;\"><strong>14h-17h<\/strong><\/span><span style=\"color: #ff0000;\"> : animations sur la p\u00e9pini\u00e8re avec notamment           confection d\u2019un \u00e9pouvantail g\u00e9ant et tour en cal\u00e8che (oui oui,           \u00e0 cheval,\u00a0\u2026) + passation de savoirs autour du composteur avec           les compostiers<\/span><\/p>\n","protected":false},"excerpt":{"rendered":"<p>Samedi 24 mars \u00e0 14h : Rencontre et discussion avec un paysagiste autour de la question des jardins en ville Chaufferie Mermoz Sud 1 rue Joseph Chalier Organis\u00e9 par l\u2019agence SAGA avec les jardiniers et jardini\u00e8res de Mermoz sud \/ &hellip; <a href=\"http:\/\/prenezracines.tb6380.com\/?p=743\">Continuer la lecture <span class=\"meta-nav\">&rarr;<\/span><\/a><\/p>\n","protected":false},"author":2,"featured_media":0,"comment_status":"open","ping_status":"open","sticky":false,"template":"","format":"standard","meta":{"footnotes":""},"categories":[1],"tags":[],"class_list":["post-743","post","type-post","status-publish","format-standard","hentry","category-non-classe"],"_links":{"self":[{"href":"http:\/\/prenezracines.tb6380.com\/index.php?rest_route=\/wp\/v2\/posts\/743","targetHints":{"allow":["GET"]}}],"collection":[{"href":"http:\/\/prenezracines.tb6380.com\/index.php?rest_route=\/wp\/v2\/posts"}],"about":[{"href":"http:\/\/prenezracines.tb6380.com\/index.php?rest_route=\/wp\/v2\/types\/post"}],"author":[{"embeddable":true,"href":"http:\/\/prenezracines.tb6380.com\/index.php?rest_route=\/wp\/v2\/users\/2"}],"replies":[{"embeddable":true,"href":"http:\/\/prenezracines.tb6380.com\/index.php?rest_route=%2Fwp%2Fv2%2Fcomments&post=743"}],"version-history":[{"count":2,"href":"http:\/\/prenezracines.tb6380.com\/index.php?rest_route=\/wp\/v2\/posts\/743\/revisions"}],"predecessor-version":[{"id":745,"href":"http:\/\/prenezracines.tb6380.com\/index.php?rest_route=\/wp\/v2\/posts\/743\/revisions\/745"}],"wp:attachment":[{"href":"http:\/\/prenezracines.tb6380.com\/index.php?rest_route=%2Fwp%2Fv2%2Fmedia&parent=743"}],"wp:term":[{"taxonomy":"category","embeddable":true,"href":"http:\/\/prenezracines.tb6380.com\/index.php?rest_route=%2Fwp%2Fv2%2Fcategories&post=743"},{"taxonomy":"post_tag","embeddable":true,"href":"http:\/\/prenezracines.tb6380.com\/index.php?rest_route=%2Fwp%2Fv2%2Ftags&post=743"}],"curies":[{"name":"wp","href":"https:\/\/api.w.org\/{rel}","templated":true}]}}