{"id":958,"date":"2013-02-13T12:19:26","date_gmt":"2013-02-13T12:19:26","guid":{"rendered":"http:\/\/prenezracines.tb6380.com\/?p=958"},"modified":"2013-04-12T10:03:20","modified_gmt":"2013-04-12T10:03:20","slug":"comment-construire-un-art-de-vivre-en-commun-rencontres-au-musee-gadagne","status":"publish","type":"post","link":"http:\/\/prenezracines.tb6380.com\/?p=958","title":{"rendered":"\u00ab\u00a0Comment construire un art de vivre en commun?\u00a0\u00bb &#8211; Rencontres aux Mus\u00e9es Gadagne"},"content":{"rendered":"<p>A mi-parcours dans le d\u00e9veloppement de notre exp\u00e9rimentation artistique \u00ab\u00a0Prenez Racines!\u00a0\u00bb, une journ\u00e9e de rencontres se tiendra le <strong>29 mars 2013<\/strong> aux Mus\u00e9es Gadagne de Lyon et r\u00e9unira acteurs, partenaires, artistes, chercheurs, urbanistes, paysagistes et architectes impliqu\u00e9s ou int\u00e9ress\u00e9s par des d\u00e9marches artistiques en contextes urbains.<\/p>\n<p>Ce rendez-vous inscrira \u00ab\u00a0Prenez Racines!\u00a0\u00bb dans une histoire artistique, sociologique et \u00e9cologique de la construction de la Ville. Il tentera \u00e9galement de d\u00e9gager les principes d&rsquo;un art de vivre en commun en croisant les approches et les points de vue des invit\u00e9s et du public.<\/p>\n<p><strong>Dossier de presse<\/strong> (t\u00e9l\u00e9chargeable en cliquant sur l&rsquo;image)<\/p>\n<p><a title=\"Dossier de presse \" href=\"http:\/\/www.archive-host.com\/files\/1957091\/f90d46d70bc0f67a8b40010d6fa8d76cbd4ffbd4\/Dossier_de_presse_18_Fev.pdf\" target=\"_blank\"><img loading=\"lazy\" decoding=\"async\" class=\"alignnone size-full wp-image-960\" title=\"Visuel &quot;Prenez Racines!&quot;\" alt=\"\" src=\"http:\/\/prenezracines.tb6380.com\/wp-content\/uploads\/2012\/12\/Visuel-Prenez-Racines.jpg\" width=\"551\" height=\"1102\" srcset=\"http:\/\/prenezracines.tb6380.com\/wp-content\/uploads\/2012\/12\/Visuel-Prenez-Racines.jpg 551w, http:\/\/prenezracines.tb6380.com\/wp-content\/uploads\/2012\/12\/Visuel-Prenez-Racines-150x300.jpg 150w, http:\/\/prenezracines.tb6380.com\/wp-content\/uploads\/2012\/12\/Visuel-Prenez-Racines-512x1024.jpg 512w\" sizes=\"auto, (max-width: 551px) 100vw, 551px\" \/><\/a><\/p>\n<p><!-- \t\t@page { margin: 2cm } \t\tP { margin-bottom: 0.21cm; direction: ltr; color: #000000; widows: 0; orphans: 0 } \t\tP.western { font-family: \"Liberation Serif\", \"Times New Roman\", serif; font-size: 12pt; so-language: fr-FR } \t\tP.cjk { font-family: \"WenQuanYi Micro Hei\"; font-size: 12pt; so-language: zh-CN } \t\tP.ctl { font-family: \"Lohit Hindi\"; font-size: 12pt; so-language: hi-IN } --><\/p>\n","protected":false},"excerpt":{"rendered":"<p>A mi-parcours dans le d\u00e9veloppement de notre exp\u00e9rimentation artistique \u00ab\u00a0Prenez Racines!\u00a0\u00bb, une journ\u00e9e de rencontres se tiendra le 29 mars 2013 aux Mus\u00e9es Gadagne de Lyon et r\u00e9unira acteurs, partenaires, artistes, chercheurs, urbanistes, paysagistes et architectes impliqu\u00e9s ou int\u00e9ress\u00e9s par &hellip; <a href=\"http:\/\/prenezracines.tb6380.com\/?p=958\">Continuer la lecture <span class=\"meta-nav\">&rarr;<\/span><\/a><\/p>\n","protected":false},"author":4,"featured_media":0,"comment_status":"open","ping_status":"open","sticky":false,"template":"","format":"standard","meta":{"footnotes":""},"categories":[1,25],"tags":[],"class_list":["post-958","post","type-post","status-publish","format-standard","hentry","category-non-classe","category-rencontres"],"_links":{"self":[{"href":"http:\/\/prenezracines.tb6380.com\/index.php?rest_route=\/wp\/v2\/posts\/958","targetHints":{"allow":["GET"]}}],"collection":[{"href":"http:\/\/prenezracines.tb6380.com\/index.php?rest_route=\/wp\/v2\/posts"}],"about":[{"href":"http:\/\/prenezracines.tb6380.com\/index.php?rest_route=\/wp\/v2\/types\/post"}],"author":[{"embeddable":true,"href":"http:\/\/prenezracines.tb6380.com\/index.php?rest_route=\/wp\/v2\/users\/4"}],"replies":[{"embeddable":true,"href":"http:\/\/prenezracines.tb6380.com\/index.php?rest_route=%2Fwp%2Fv2%2Fcomments&post=958"}],"version-history":[{"count":17,"href":"http:\/\/prenezracines.tb6380.com\/index.php?rest_route=\/wp\/v2\/posts\/958\/revisions"}],"predecessor-version":[{"id":964,"href":"http:\/\/prenezracines.tb6380.com\/index.php?rest_route=\/wp\/v2\/posts\/958\/revisions\/964"}],"wp:attachment":[{"href":"http:\/\/prenezracines.tb6380.com\/index.php?rest_route=%2Fwp%2Fv2%2Fmedia&parent=958"}],"wp:term":[{"taxonomy":"category","embeddable":true,"href":"http:\/\/prenezracines.tb6380.com\/index.php?rest_route=%2Fwp%2Fv2%2Fcategories&post=958"},{"taxonomy":"post_tag","embeddable":true,"href":"http:\/\/prenezracines.tb6380.com\/index.php?rest_route=%2Fwp%2Fv2%2Ftags&post=958"}],"curies":[{"name":"wp","href":"https:\/\/api.w.org\/{rel}","templated":true}]}}