{"id":995,"date":"2013-02-21T10:29:55","date_gmt":"2013-02-21T10:29:55","guid":{"rendered":"http:\/\/prenezracines.tb6380.com\/?p=995"},"modified":"2013-02-26T15:17:21","modified_gmt":"2013-02-26T15:17:21","slug":"chantier-jeune-a-la-pepiniere-prenez-racines","status":"publish","type":"post","link":"http:\/\/prenezracines.tb6380.com\/?p=995","title":{"rendered":"Chantier jeune \u00e0 la P\u00e9pini\u00e8re Prenez Racines !"},"content":{"rendered":"<p style=\"text-align: left;\">Organis\u00e9 du <strong>25 f\u00e9vrier au 1er mars 2013<\/strong>, l&rsquo;objectif de ce 5\u00e8me chantier jeunes de la p\u00e9pini\u00e8re sera d&rsquo;am\u00e9liorer son accessibilit\u00e9: nettoyage du terrain, terrassement et construction d&rsquo;un cheminement. 6 jeunes \u2013 habitants des quartiers Mermoz et Monplaisir \u2013 participeront et verront leur travail r\u00e9compens\u00e9 avec le financement d&rsquo;un s\u00e9jour touristique \u00e0 Lisbonne. Thierry Boutonnier et L&rsquo;Atelier des Fantasques &#8211; collectif lyonnais d\u2019architectes, graphistes et coordinatrice de projets culturels \u2013 superviseront la conduite des travaux et encourageront les jeunes \u00e0 \u00eatre forces de proposition.<\/p>\n<p style=\"text-align: left;\"><strong>\u00a0Un ap\u00e9ritif de fin de chantier sera organis\u00e9 le 1er mars \u00e0 midi en pr\u00e9sence de tous les participants ainsi que les parrains et la MJC La\u00ebnnec-Mermoz ! <\/strong><\/p>\n<p style=\"text-align: left;\"><a href=\"http:\/\/prenezracines.tb6380.com\/?attachment_id=996\" rel=\"attachment wp-att-996\"><img loading=\"lazy\" decoding=\"async\" class=\"aligncenter size-large wp-image-996\" alt=\"chantier jeune visuel\" src=\"http:\/\/prenezracines.tb6380.com\/wp-content\/uploads\/2013\/02\/chantier-jeune-visuel-1024x724.jpg\" width=\"640\" height=\"452\" srcset=\"http:\/\/prenezracines.tb6380.com\/wp-content\/uploads\/2013\/02\/chantier-jeune-visuel-1024x724.jpg 1024w, http:\/\/prenezracines.tb6380.com\/wp-content\/uploads\/2013\/02\/chantier-jeune-visuel-300x212.jpg 300w, http:\/\/prenezracines.tb6380.com\/wp-content\/uploads\/2013\/02\/chantier-jeune-visuel.jpg 1123w\" sizes=\"auto, (max-width: 640px) 100vw, 640px\" \/><\/a>Venez nombreux !<\/p>\n<p style=\"text-align: left;\">Des images du chantier sous la neige le lundi 25 f\u00e9vrier :<\/p>\n<p style=\"text-align: left;\"><a href=\"http:\/\/prenezracines.tb6380.com\/?attachment_id=1022\" rel=\"attachment wp-att-1022\"><img loading=\"lazy\" decoding=\"async\" class=\"alignnone size-medium wp-image-1022\" alt=\"rue genton\" src=\"http:\/\/prenezracines.tb6380.com\/wp-content\/uploads\/2013\/02\/DSC_0007-300x201.jpg\" width=\"300\" height=\"201\" srcset=\"http:\/\/prenezracines.tb6380.com\/wp-content\/uploads\/2013\/02\/DSC_0007-300x201.jpg 300w, http:\/\/prenezracines.tb6380.com\/wp-content\/uploads\/2013\/02\/DSC_0007.jpg 800w\" sizes=\"auto, (max-width: 300px) 100vw, 300px\" \/><\/a> <a href=\"http:\/\/prenezracines.tb6380.com\/?attachment_id=1023\" rel=\"attachment wp-att-1023\"><img loading=\"lazy\" decoding=\"async\" class=\"alignnone size-medium wp-image-1023\" alt=\"Immeuble californie\" src=\"http:\/\/prenezracines.tb6380.com\/wp-content\/uploads\/2013\/02\/DSC_0008-300x201.jpg\" width=\"300\" height=\"201\" srcset=\"http:\/\/prenezracines.tb6380.com\/wp-content\/uploads\/2013\/02\/DSC_0008-300x201.jpg 300w, http:\/\/prenezracines.tb6380.com\/wp-content\/uploads\/2013\/02\/DSC_0008.jpg 800w\" sizes=\"auto, (max-width: 300px) 100vw, 300px\" \/><\/a> <a href=\"http:\/\/prenezracines.tb6380.com\/?attachment_id=1024\" rel=\"attachment wp-att-1024\"><img loading=\"lazy\" decoding=\"async\" class=\"alignnone size-medium wp-image-1024\" alt=\"R\u00e9novation\" src=\"http:\/\/prenezracines.tb6380.com\/wp-content\/uploads\/2013\/02\/DSC_0009-201x300.jpg\" width=\"201\" height=\"300\" srcset=\"http:\/\/prenezracines.tb6380.com\/wp-content\/uploads\/2013\/02\/DSC_0009-201x300.jpg 201w, http:\/\/prenezracines.tb6380.com\/wp-content\/uploads\/2013\/02\/DSC_0009.jpg 536w\" sizes=\"auto, (max-width: 201px) 100vw, 201px\" \/><\/a> <a href=\"http:\/\/prenezracines.tb6380.com\/?attachment_id=1026\" rel=\"attachment wp-att-1026\"><img loading=\"lazy\" decoding=\"async\" class=\"alignnone size-medium wp-image-1026\" alt=\"R\u00e9union\" src=\"http:\/\/prenezracines.tb6380.com\/wp-content\/uploads\/2013\/02\/DSC_0012-300x201.jpg\" width=\"300\" height=\"201\" srcset=\"http:\/\/prenezracines.tb6380.com\/wp-content\/uploads\/2013\/02\/DSC_0012-300x201.jpg 300w, http:\/\/prenezracines.tb6380.com\/wp-content\/uploads\/2013\/02\/DSC_0012.jpg 800w\" sizes=\"auto, (max-width: 300px) 100vw, 300px\" \/><\/a> <a href=\"http:\/\/prenezracines.tb6380.com\/?attachment_id=1027\" rel=\"attachment wp-att-1027\"><img loading=\"lazy\" decoding=\"async\" class=\"alignnone size-medium wp-image-1027\" alt=\"La p\u00e9pini\u00e8re\" src=\"http:\/\/prenezracines.tb6380.com\/wp-content\/uploads\/2013\/02\/DSC_0014-300x201.jpg\" width=\"300\" height=\"201\" srcset=\"http:\/\/prenezracines.tb6380.com\/wp-content\/uploads\/2013\/02\/DSC_0014-300x201.jpg 300w, http:\/\/prenezracines.tb6380.com\/wp-content\/uploads\/2013\/02\/DSC_0014.jpg 800w\" sizes=\"auto, (max-width: 300px) 100vw, 300px\" \/><\/a> <a href=\"http:\/\/prenezracines.tb6380.com\/?attachment_id=1028\" rel=\"attachment wp-att-1028\"><img loading=\"lazy\" decoding=\"async\" class=\"alignnone size-medium wp-image-1028\" alt=\"La p\u00e9pini\u00e8re\" src=\"http:\/\/prenezracines.tb6380.com\/wp-content\/uploads\/2013\/02\/DSC_0015-300x201.jpg\" width=\"300\" height=\"201\" srcset=\"http:\/\/prenezracines.tb6380.com\/wp-content\/uploads\/2013\/02\/DSC_0015-300x201.jpg 300w, http:\/\/prenezracines.tb6380.com\/wp-content\/uploads\/2013\/02\/DSC_0015.jpg 800w\" sizes=\"auto, (max-width: 300px) 100vw, 300px\" \/><\/a> <a href=\"http:\/\/prenezracines.tb6380.com\/?attachment_id=1029\" rel=\"attachment wp-att-1029\"><img loading=\"lazy\" decoding=\"async\" class=\"alignnone size-medium wp-image-1029\" alt=\"Les arbres\" src=\"http:\/\/prenezracines.tb6380.com\/wp-content\/uploads\/2013\/02\/DSC_0016-300x201.jpg\" width=\"300\" height=\"201\" srcset=\"http:\/\/prenezracines.tb6380.com\/wp-content\/uploads\/2013\/02\/DSC_0016-300x201.jpg 300w, http:\/\/prenezracines.tb6380.com\/wp-content\/uploads\/2013\/02\/DSC_0016.jpg 800w\" sizes=\"auto, (max-width: 300px) 100vw, 300px\" \/><\/a> <a href=\"http:\/\/prenezracines.tb6380.com\/?attachment_id=1031\" rel=\"attachment wp-att-1031\"><img loading=\"lazy\" decoding=\"async\" class=\"alignnone size-medium wp-image-1031\" alt=\"R\u00e9cup\u00e9ration des pallettes\" src=\"http:\/\/prenezracines.tb6380.com\/wp-content\/uploads\/2013\/02\/DSC_0018-300x201.jpg\" width=\"300\" height=\"201\" srcset=\"http:\/\/prenezracines.tb6380.com\/wp-content\/uploads\/2013\/02\/DSC_0018-300x201.jpg 300w, http:\/\/prenezracines.tb6380.com\/wp-content\/uploads\/2013\/02\/DSC_0018.jpg 800w\" sizes=\"auto, (max-width: 300px) 100vw, 300px\" \/><\/a> <a href=\"http:\/\/prenezracines.tb6380.com\/?attachment_id=1033\" rel=\"attachment wp-att-1033\"><img loading=\"lazy\" decoding=\"async\" class=\"alignnone size-medium wp-image-1033\" alt=\"La cabane\" src=\"http:\/\/prenezracines.tb6380.com\/wp-content\/uploads\/2013\/02\/DSC_0020-300x201.jpg\" width=\"300\" height=\"201\" srcset=\"http:\/\/prenezracines.tb6380.com\/wp-content\/uploads\/2013\/02\/DSC_0020-300x201.jpg 300w, http:\/\/prenezracines.tb6380.com\/wp-content\/uploads\/2013\/02\/DSC_0020.jpg 800w\" sizes=\"auto, (max-width: 300px) 100vw, 300px\" \/><\/a><\/p>\n","protected":false},"excerpt":{"rendered":"<p>Organis\u00e9 du 25 f\u00e9vrier au 1er mars 2013, l&rsquo;objectif de ce 5\u00e8me chantier jeunes de la p\u00e9pini\u00e8re sera d&rsquo;am\u00e9liorer son accessibilit\u00e9: nettoyage du terrain, terrassement et construction d&rsquo;un cheminement. 6 jeunes \u2013 habitants des quartiers Mermoz et Monplaisir \u2013 participeront &hellip; <a href=\"http:\/\/prenezracines.tb6380.com\/?p=995\">Continuer la lecture <span class=\"meta-nav\">&rarr;<\/span><\/a><\/p>\n","protected":false},"author":2,"featured_media":0,"comment_status":"open","ping_status":"open","sticky":false,"template":"","format":"standard","meta":{"footnotes":""},"categories":[1,17],"tags":[22,23],"class_list":["post-995","post","type-post","status-publish","format-standard","hentry","category-non-classe","category-travaux","tag-chantier-jeune","tag-plancher"],"_links":{"self":[{"href":"http:\/\/prenezracines.tb6380.com\/index.php?rest_route=\/wp\/v2\/posts\/995","targetHints":{"allow":["GET"]}}],"collection":[{"href":"http:\/\/prenezracines.tb6380.com\/index.php?rest_route=\/wp\/v2\/posts"}],"about":[{"href":"http:\/\/prenezracines.tb6380.com\/index.php?rest_route=\/wp\/v2\/types\/post"}],"author":[{"embeddable":true,"href":"http:\/\/prenezracines.tb6380.com\/index.php?rest_route=\/wp\/v2\/users\/2"}],"replies":[{"embeddable":true,"href":"http:\/\/prenezracines.tb6380.com\/index.php?rest_route=%2Fwp%2Fv2%2Fcomments&post=995"}],"version-history":[{"count":6,"href":"http:\/\/prenezracines.tb6380.com\/index.php?rest_route=\/wp\/v2\/posts\/995\/revisions"}],"predecessor-version":[{"id":1021,"href":"http:\/\/prenezracines.tb6380.com\/index.php?rest_route=\/wp\/v2\/posts\/995\/revisions\/1021"}],"wp:attachment":[{"href":"http:\/\/prenezracines.tb6380.com\/index.php?rest_route=%2Fwp%2Fv2%2Fmedia&parent=995"}],"wp:term":[{"taxonomy":"category","embeddable":true,"href":"http:\/\/prenezracines.tb6380.com\/index.php?rest_route=%2Fwp%2Fv2%2Fcategories&post=995"},{"taxonomy":"post_tag","embeddable":true,"href":"http:\/\/prenezracines.tb6380.com\/index.php?rest_route=%2Fwp%2Fv2%2Ftags&post=995"}],"curies":[{"name":"wp","href":"https:\/\/api.w.org\/{rel}","templated":true}]}}